{"id":3513,"date":"2022-11-21T13:32:38","date_gmt":"2022-11-21T13:32:38","guid":{"rendered":"https:\/\/emapa.gob.ec\/?p=3513"},"modified":"2022-11-21T13:32:38","modified_gmt":"2022-11-21T13:32:38","slug":"proyecto-de-alcantarillado-y-agua-potable-en-quisapincha-en-su-ultima-etapa","status":"publish","type":"post","link":"https:\/\/emapa.gob.ec\/?p=3513","title":{"rendered":"Proyecto de alcantarillado y agua potable en Quisapincha en su \u00faltima etapa"},"content":{"rendered":"\n<p>La administraci\u00f3n invierte m\u00e1s de 83 mil d\u00f3lares en los sectores m\u00e1s desfavorecidos<\/p>\n\n\n\n<p>La administraci\u00f3n del alcalde Javier Altamirano, a trav\u00e9s de la Empresa Municipal de Agua Potable y Alcantarillado de Ambato (Emapa), contin\u00faa con la ejecuci\u00f3n del proyecto \u2018Conducci\u00f3n de agua potable regional Putugleo I etapa y alcantarillado sanitario sector San Pedro de la parroquia Quisapincha\u2019, que tiene el 99 por ciento de avance.<\/p>\n\n\n\n<p>Juan Rodr\u00edguez, fiscalizador de la obra, indic\u00f3 que las redes de alcantarillado ya est\u00e1n finalizadas y se encuentran en funcionamiento, reiterando que en el sector Putugleo se realiza el paso elevado para la colocaci\u00f3n de la tuber\u00eda restante de la conducci\u00f3n de agua potable.<\/p>\n\n\n\n<p>\u201cA pesar de las dificultades clim\u00e1ticas y la inaccesibilidad para ingresar con los materiales se ha trabajado a buen ritmo, agradeciendo el apoyo permanente de la comunidad. Este proyecto beneficiar\u00e1 a m\u00e1s de 200 familias de la zona alta del cant\u00f3n\u201d, manifest\u00f3 Rodr\u00edguez.<\/p>\n\n\n\n<figure class=\"wp-block-image size-full\"><img loading=\"lazy\" decoding=\"async\" width=\"1024\" height=\"682\" src=\"https:\/\/emapa.gob.ec\/wp-content\/uploads\/2022\/11\/575.jpeg\" alt=\"\" class=\"wp-image-3514\" srcset=\"https:\/\/emapa.gob.ec\/wp-content\/uploads\/2022\/11\/575.jpeg 1024w, https:\/\/emapa.gob.ec\/wp-content\/uploads\/2022\/11\/575-300x200.jpeg 300w, https:\/\/emapa.gob.ec\/wp-content\/uploads\/2022\/11\/575-768x512.jpeg 768w\" sizes=\"auto, (max-width: 1024px) 100vw, 1024px\" \/><\/figure>\n\n\n\n<figure class=\"wp-block-image size-full\"><img loading=\"lazy\" decoding=\"async\" width=\"1024\" height=\"682\" src=\"https:\/\/emapa.gob.ec\/wp-content\/uploads\/2022\/11\/576.jpeg\" alt=\"\" class=\"wp-image-3515\" srcset=\"https:\/\/emapa.gob.ec\/wp-content\/uploads\/2022\/11\/576.jpeg 1024w, https:\/\/emapa.gob.ec\/wp-content\/uploads\/2022\/11\/576-300x200.jpeg 300w, https:\/\/emapa.gob.ec\/wp-content\/uploads\/2022\/11\/576-768x512.jpeg 768w\" sizes=\"auto, (max-width: 1024px) 100vw, 1024px\" \/><\/figure>\n\n\n\n<figure class=\"wp-block-image size-full\"><img loading=\"lazy\" decoding=\"async\" width=\"1024\" height=\"682\" src=\"https:\/\/emapa.gob.ec\/wp-content\/uploads\/2022\/11\/577.jpeg\" alt=\"\" class=\"wp-image-3516\" srcset=\"https:\/\/emapa.gob.ec\/wp-content\/uploads\/2022\/11\/577.jpeg 1024w, https:\/\/emapa.gob.ec\/wp-content\/uploads\/2022\/11\/577-300x200.jpeg 300w, https:\/\/emapa.gob.ec\/wp-content\/uploads\/2022\/11\/577-768x512.jpeg 768w\" sizes=\"auto, (max-width: 1024px) 100vw, 1024px\" \/><\/figure>\n\n\n\n<figure class=\"wp-block-image size-full\"><img loading=\"lazy\" decoding=\"async\" width=\"1024\" height=\"768\" src=\"https:\/\/emapa.gob.ec\/wp-content\/uploads\/2022\/11\/578.jpeg\" alt=\"\" class=\"wp-image-3517\" srcset=\"https:\/\/emapa.gob.ec\/wp-content\/uploads\/2022\/11\/578.jpeg 1024w, https:\/\/emapa.gob.ec\/wp-content\/uploads\/2022\/11\/578-300x225.jpeg 300w, https:\/\/emapa.gob.ec\/wp-content\/uploads\/2022\/11\/578-768x576.jpeg 768w\" sizes=\"auto, (max-width: 1024px) 100vw, 1024px\" \/><\/figure>\n","protected":false},"excerpt":{"rendered":"<p>La administraci\u00f3n invierte m\u00e1s de 83 mil d\u00f3lares en los sectores m\u00e1s desfavorecidos La administraci\u00f3n del alcalde Javier Altamirano, a trav\u00e9s de la Empresa Municipal de Agua Potable y Alcantarillado de Ambato (Emapa), contin\u00faa con la ejecuci\u00f3n del proyecto \u2018Conducci\u00f3n de agua potable regional Putugleo I etapa y alcantarillado sanitario sector San Pedro de la [&hellip;]<\/p>\n","protected":false},"author":2,"featured_media":3518,"comment_status":"closed","ping_status":"closed","sticky":false,"template":"","format":"standard","meta":{"site-sidebar-layout":"default","site-content-layout":"","ast-site-content-layout":"default","site-content-style":"default","site-sidebar-style":"default","ast-global-header-display":"","ast-banner-title-visibility":"","ast-main-header-display":"","ast-hfb-above-header-display":"","ast-hfb-below-header-display":"","ast-hfb-mobile-header-display":"","site-post-title":"","ast-breadcrumbs-content":"","ast-featured-img":"","footer-sml-layout":"","ast-disable-related-posts":"","theme-transparent-header-meta":"","adv-header-id-meta":"","stick-header-meta":"","header-above-stick-meta":"","header-main-stick-meta":"","header-below-stick-meta":"","astra-migrate-meta-layouts":"default","ast-page-background-enabled":"default","ast-page-background-meta":{"desktop":{"background-color":"var(--ast-global-color-4)","background-image":"","background-repeat":"repeat","background-position":"center center","background-size":"auto","background-attachment":"scroll","background-type":"","background-media":"","overlay-type":"","overlay-color":"","overlay-opacity":"","overlay-gradient":""},"tablet":{"background-color":"","background-image":"","background-repeat":"repeat","background-position":"center center","background-size":"auto","background-attachment":"scroll","background-type":"","background-media":"","overlay-type":"","overlay-color":"","overlay-opacity":"","overlay-gradient":""},"mobile":{"background-color":"","background-image":"","background-repeat":"repeat","background-position":"center center","background-size":"auto","background-attachment":"scroll","background-type":"","background-media":"","overlay-type":"","overlay-color":"","overlay-opacity":"","overlay-gradient":""}},"ast-content-background-meta":{"desktop":{"background-color":"var(--ast-global-color-5)","background-image":"","background-repeat":"repeat","background-position":"center center","background-size":"auto","background-attachment":"scroll","background-type":"","background-media":"","overlay-type":"","overlay-color":"","overlay-opacity":"","overlay-gradient":""},"tablet":{"background-color":"var(--ast-global-color-5)","background-image":"","background-repeat":"repeat","background-position":"center center","background-size":"auto","background-attachment":"scroll","background-type":"","background-media":"","overlay-type":"","overlay-color":"","overlay-opacity":"","overlay-gradient":""},"mobile":{"background-color":"var(--ast-global-color-5)","background-image":"","background-repeat":"repeat","background-position":"center center","background-size":"auto","background-attachment":"scroll","background-type":"","background-media":"","overlay-type":"","overlay-color":"","overlay-opacity":"","overlay-gradient":""}},"footnotes":""},"categories":[1],"tags":[],"class_list":["post-3513","post","type-post","status-publish","format-standard","has-post-thumbnail","hentry","category-sin-categoria"],"_links":{"self":[{"href":"https:\/\/emapa.gob.ec\/index.php?rest_route=\/wp\/v2\/posts\/3513","targetHints":{"allow":["GET"]}}],"collection":[{"href":"https:\/\/emapa.gob.ec\/index.php?rest_route=\/wp\/v2\/posts"}],"about":[{"href":"https:\/\/emapa.gob.ec\/index.php?rest_route=\/wp\/v2\/types\/post"}],"author":[{"embeddable":true,"href":"https:\/\/emapa.gob.ec\/index.php?rest_route=\/wp\/v2\/users\/2"}],"replies":[{"embeddable":true,"href":"https:\/\/emapa.gob.ec\/index.php?rest_route=%2Fwp%2Fv2%2Fcomments&post=3513"}],"version-history":[{"count":1,"href":"https:\/\/emapa.gob.ec\/index.php?rest_route=\/wp\/v2\/posts\/3513\/revisions"}],"predecessor-version":[{"id":3519,"href":"https:\/\/emapa.gob.ec\/index.php?rest_route=\/wp\/v2\/posts\/3513\/revisions\/3519"}],"wp:featuredmedia":[{"embeddable":true,"href":"https:\/\/emapa.gob.ec\/index.php?rest_route=\/wp\/v2\/media\/3518"}],"wp:attachment":[{"href":"https:\/\/emapa.gob.ec\/index.php?rest_route=%2Fwp%2Fv2%2Fmedia&parent=3513"}],"wp:term":[{"taxonomy":"category","embeddable":true,"href":"https:\/\/emapa.gob.ec\/index.php?rest_route=%2Fwp%2Fv2%2Fcategories&post=3513"},{"taxonomy":"post_tag","embeddable":true,"href":"https:\/\/emapa.gob.ec\/index.php?rest_route=%2Fwp%2Fv2%2Ftags&post=3513"}],"curies":[{"name":"wp","href":"https:\/\/api.w.org\/{rel}","templated":true}]}}