{"id":3549,"date":"2022-11-23T13:20:34","date_gmt":"2022-11-23T13:20:34","guid":{"rendered":"https:\/\/emapa.gob.ec\/?p=3549"},"modified":"2022-11-23T13:24:17","modified_gmt":"2022-11-23T13:24:17","slug":"gerente-de-la-emapa-y-personal-tecnico-recorrieron-los-graderios-de-la-avenida-atahualpa","status":"publish","type":"post","link":"https:\/\/emapa.gob.ec\/?p=3549","title":{"rendered":"Gerente de la Emapa y personal t\u00e9cnico recorrieron los grader\u00edos de la avenida Atahualpa"},"content":{"rendered":"\n<p>Proyecto integral de alcantarillado se encuentra adjudicado e iniciar\u00e1 en los pr\u00f3ximos d\u00edas<\/p>\n\n\n\n<p>Xavier Espinoza, gerente de la Empresa Municipal de Agua Potable y Alcantarillado de Ambato (Emapa), recorri\u00f3 este martes 22 de noviembre, junto al personal t\u00e9cnico y contratista del proyecto integral \u2018Alcantarillado calle Dar\u00edo Guevara y Av. Atahualpa Huachi Chico\u2019, con el objetivo de agilizar los trabajos y habilitar este importante grader\u00edo que conecta al barrio La Alborada con la Av. Atahualpa.<\/p>\n\n\n\n<p>El funcionario record\u00f3 que producto de las fuertes lluvias de julio hubo arrastre de material y basura ocasionando el colapso del sistema de alcantarillado, para ello se ha planificado la reconstrucci\u00f3n de una nueva red con mayor capacidad, pozos de revisi\u00f3n, muro de hormig\u00f3n y la reposici\u00f3n de gradas para garantizar la seguridad de los peatones y el embellecimiento de la ciudad.<\/p>\n\n\n\n<p>Adem\u00e1s, se realizar\u00e1 un nuevo levantamiento topogr\u00e1fico para saber a plenitud la ubicaci\u00f3n de las tuber\u00edas. Al contratista se ha solicitado adelantar los trabajos con la limpieza de las gradas y la respectiva se\u00f1al\u00e9tica, aprovechando el tiempo de verano.<\/p>\n\n\n\n<p>\u201cEstos trabajos necesitan la colaboraci\u00f3n de todos, ya que la obra tiene un plazo de 60 d\u00edas, para lo cual en los pr\u00f3ximos d\u00edas se realizar\u00e1 el cierre total del grader\u00edo y solicitamos a la ciudadan\u00eda tomar v\u00edas alternas de circulaci\u00f3n para evitar accidentes y contratiempos\u201d, sostuvo Espinoza.<\/p>\n\n\n\n<figure class=\"wp-block-image size-full\"><img loading=\"lazy\" decoding=\"async\" width=\"1024\" height=\"682\" src=\"https:\/\/emapa.gob.ec\/wp-content\/uploads\/2022\/11\/605.jpeg\" alt=\"\" class=\"wp-image-3551\" srcset=\"https:\/\/emapa.gob.ec\/wp-content\/uploads\/2022\/11\/605.jpeg 1024w, https:\/\/emapa.gob.ec\/wp-content\/uploads\/2022\/11\/605-300x200.jpeg 300w, https:\/\/emapa.gob.ec\/wp-content\/uploads\/2022\/11\/605-768x512.jpeg 768w\" sizes=\"auto, (max-width: 1024px) 100vw, 1024px\" \/><\/figure>\n\n\n\n<figure class=\"wp-block-image size-full\"><img loading=\"lazy\" decoding=\"async\" width=\"1024\" height=\"682\" src=\"https:\/\/emapa.gob.ec\/wp-content\/uploads\/2022\/11\/604.jpeg\" alt=\"\" class=\"wp-image-3552\" srcset=\"https:\/\/emapa.gob.ec\/wp-content\/uploads\/2022\/11\/604.jpeg 1024w, https:\/\/emapa.gob.ec\/wp-content\/uploads\/2022\/11\/604-300x200.jpeg 300w, https:\/\/emapa.gob.ec\/wp-content\/uploads\/2022\/11\/604-768x512.jpeg 768w\" sizes=\"auto, (max-width: 1024px) 100vw, 1024px\" \/><\/figure>\n\n\n\n<figure class=\"wp-block-image size-full\"><img loading=\"lazy\" decoding=\"async\" width=\"1024\" height=\"682\" src=\"https:\/\/emapa.gob.ec\/wp-content\/uploads\/2022\/11\/601.jpeg\" alt=\"\" class=\"wp-image-3553\" srcset=\"https:\/\/emapa.gob.ec\/wp-content\/uploads\/2022\/11\/601.jpeg 1024w, https:\/\/emapa.gob.ec\/wp-content\/uploads\/2022\/11\/601-300x200.jpeg 300w, https:\/\/emapa.gob.ec\/wp-content\/uploads\/2022\/11\/601-768x512.jpeg 768w\" sizes=\"auto, (max-width: 1024px) 100vw, 1024px\" \/><\/figure>\n","protected":false},"excerpt":{"rendered":"<p>Proyecto integral de alcantarillado se encuentra adjudicado e iniciar\u00e1 en los pr\u00f3ximos d\u00edas Xavier Espinoza, gerente de la Empresa Municipal de Agua Potable y Alcantarillado de Ambato (Emapa), recorri\u00f3 este martes 22 de noviembre, junto al personal t\u00e9cnico y contratista del proyecto integral \u2018Alcantarillado calle Dar\u00edo Guevara y Av. Atahualpa Huachi Chico\u2019, con el objetivo [&hellip;]<\/p>\n","protected":false},"author":2,"featured_media":3554,"comment_status":"closed","ping_status":"closed","sticky":false,"template":"","format":"standard","meta":{"site-sidebar-layout":"default","site-content-layout":"","ast-site-content-layout":"default","site-content-style":"default","site-sidebar-style":"default","ast-global-header-display":"","ast-banner-title-visibility":"","ast-main-header-display":"","ast-hfb-above-header-display":"","ast-hfb-below-header-display":"","ast-hfb-mobile-header-display":"","site-post-title":"","ast-breadcrumbs-content":"","ast-featured-img":"","footer-sml-layout":"","ast-disable-related-posts":"","theme-transparent-header-meta":"","adv-header-id-meta":"","stick-header-meta":"","header-above-stick-meta":"","header-main-stick-meta":"","header-below-stick-meta":"","astra-migrate-meta-layouts":"default","ast-page-background-enabled":"default","ast-page-background-meta":{"desktop":{"background-color":"var(--ast-global-color-4)","background-image":"","background-repeat":"repeat","background-position":"center center","background-size":"auto","background-attachment":"scroll","background-type":"","background-media":"","overlay-type":"","overlay-color":"","overlay-opacity":"","overlay-gradient":""},"tablet":{"background-color":"","background-image":"","background-repeat":"repeat","background-position":"center center","background-size":"auto","background-attachment":"scroll","background-type":"","background-media":"","overlay-type":"","overlay-color":"","overlay-opacity":"","overlay-gradient":""},"mobile":{"background-color":"","background-image":"","background-repeat":"repeat","background-position":"center center","background-size":"auto","background-attachment":"scroll","background-type":"","background-media":"","overlay-type":"","overlay-color":"","overlay-opacity":"","overlay-gradient":""}},"ast-content-background-meta":{"desktop":{"background-color":"var(--ast-global-color-5)","background-image":"","background-repeat":"repeat","background-position":"center center","background-size":"auto","background-attachment":"scroll","background-type":"","background-media":"","overlay-type":"","overlay-color":"","overlay-opacity":"","overlay-gradient":""},"tablet":{"background-color":"var(--ast-global-color-5)","background-image":"","background-repeat":"repeat","background-position":"center center","background-size":"auto","background-attachment":"scroll","background-type":"","background-media":"","overlay-type":"","overlay-color":"","overlay-opacity":"","overlay-gradient":""},"mobile":{"background-color":"var(--ast-global-color-5)","background-image":"","background-repeat":"repeat","background-position":"center center","background-size":"auto","background-attachment":"scroll","background-type":"","background-media":"","overlay-type":"","overlay-color":"","overlay-opacity":"","overlay-gradient":""}},"footnotes":""},"categories":[1],"tags":[],"class_list":["post-3549","post","type-post","status-publish","format-standard","has-post-thumbnail","hentry","category-sin-categoria"],"_links":{"self":[{"href":"https:\/\/emapa.gob.ec\/index.php?rest_route=\/wp\/v2\/posts\/3549","targetHints":{"allow":["GET"]}}],"collection":[{"href":"https:\/\/emapa.gob.ec\/index.php?rest_route=\/wp\/v2\/posts"}],"about":[{"href":"https:\/\/emapa.gob.ec\/index.php?rest_route=\/wp\/v2\/types\/post"}],"author":[{"embeddable":true,"href":"https:\/\/emapa.gob.ec\/index.php?rest_route=\/wp\/v2\/users\/2"}],"replies":[{"embeddable":true,"href":"https:\/\/emapa.gob.ec\/index.php?rest_route=%2Fwp%2Fv2%2Fcomments&post=3549"}],"version-history":[{"count":2,"href":"https:\/\/emapa.gob.ec\/index.php?rest_route=\/wp\/v2\/posts\/3549\/revisions"}],"predecessor-version":[{"id":3556,"href":"https:\/\/emapa.gob.ec\/index.php?rest_route=\/wp\/v2\/posts\/3549\/revisions\/3556"}],"wp:featuredmedia":[{"embeddable":true,"href":"https:\/\/emapa.gob.ec\/index.php?rest_route=\/wp\/v2\/media\/3554"}],"wp:attachment":[{"href":"https:\/\/emapa.gob.ec\/index.php?rest_route=%2Fwp%2Fv2%2Fmedia&parent=3549"}],"wp:term":[{"taxonomy":"category","embeddable":true,"href":"https:\/\/emapa.gob.ec\/index.php?rest_route=%2Fwp%2Fv2%2Fcategories&post=3549"},{"taxonomy":"post_tag","embeddable":true,"href":"https:\/\/emapa.gob.ec\/index.php?rest_route=%2Fwp%2Fv2%2Ftags&post=3549"}],"curies":[{"name":"wp","href":"https:\/\/api.w.org\/{rel}","templated":true}]}}